{"id":6406,"date":"2025-10-08T10:50:00","date_gmt":"2025-10-08T10:50:00","guid":{"rendered":"https:\/\/coloniaavellaneda.gob.ar\/web\/?p=6406"},"modified":"2025-10-08T13:33:59","modified_gmt":"2025-10-08T13:33:59","slug":"encuentro-con-deportistas-destacados","status":"publish","type":"post","link":"https:\/\/coloniaavellaneda.gob.ar\/web\/encuentro-con-deportistas-destacados\/","title":{"rendered":"Reconocimos a los deportistas destacados de Colonia Avellaneda."},"content":{"rendered":"<p>[et_pb_section fb_built=\u00bb1&#8243; _builder_version=\u00bb4.16&#8243; global_colors_info=\u00bb{}\u00bb][et_pb_row _builder_version=\u00bb4.16&#8243; background_size=\u00bbinitial\u00bb background_position=\u00bbtop_left\u00bb background_repeat=\u00bbrepeat\u00bb custom_padding=\u00bb0px|||||\u00bb global_colors_info=\u00bb{}\u00bb][et_pb_column type=\u00bb4_4&#8243; _builder_version=\u00bb4.16&#8243; custom_padding=\u00bb|||\u00bb global_colors_info=\u00bb{}\u00bb custom_padding__hover=\u00bb|||\u00bb][et_pb_text _builder_version=\u00bb4.16&#8243; background_size=\u00bbinitial\u00bb background_position=\u00bbtop_left\u00bb background_repeat=\u00bbrepeat\u00bb global_colors_info=\u00bb{}\u00bb]<!-- divi:categories \/-->[\/et_pb_text][\/et_pb_column][\/et_pb_row][et_pb_row _builder_version=\u00bb4.27.4&#8243; _module_preset=\u00bbdefault\u00bb global_colors_info=\u00bb{}\u00bb][et_pb_column type=\u00bb4_4&#8243; _builder_version=\u00bb4.27.4&#8243; _module_preset=\u00bbdefault\u00bb global_colors_info=\u00bb{}\u00bb][et_pb_blurb _builder_version=\u00bb4.27.4&#8243; _module_preset=\u00bbdefault\u00bb header_level=\u00bbh3&#8243; header_font=\u00bb|600|||||||\u00bb hover_enabled=\u00bb0&#8243; global_colors_info=\u00bb{}\u00bb sticky_enabled=\u00bb0&#8243; custom_margin=\u00bb-95px|||||\u00bb]<\/p>\n<p><em>Realizamos un encuentro con j\u00f3venes referentes del deporte local para celebrar sus logros y proyectar nuevos desaf\u00edos.<\/em><\/p>\n<p><em><\/em><\/p>\n<p>El pasado jueves realizamos un encuentro con deportistas destacados de Colonia Avellaneda, en el que participaron junto a sus familias. La reuni\u00f3n tuvo como objetivo dialogar sobre su desempe\u00f1o, los calendarios deportivos y las condiciones de participaci\u00f3n de cara a las pr\u00f3ximas competencias.<\/p>\n<p>Estuvieron presentes el Intendente Ariel Weiss, el Secretario de Gobierno Lionel Tabarez, el Responsable del \u00c1rea de Deportes Diego D\u00edaz, la Coordinadora del \u00c1rea de Deportes Evangelina Tortul y la Coordinadora del \u00c1rea de Discapacidad Giuliana Manasseri.<\/p>\n<p>Seguimos reconociendo y acompa\u00f1ando a nuestros deportistas, reafirmando el compromiso de nuestra gesti\u00f3n con quienes llevan el nombre de Colonia Avellaneda a lo m\u00e1s alto.<\/p>\n<p>En este marco, compartieron sus experiencias y proyecciones:<\/p>\n<p><strong>Aaron L\u00f3pez<\/strong> \u2013 Integrante del Seleccionado Argentino de S\u00f3ftbol, con participaci\u00f3n en torneos nacionales e internacionales, actualmente prepar\u00e1ndose para el Panamericano 2025 en Bah\u00eda Blanca.<\/p>\n<p><strong>Maite Alegre<\/strong> \u2013 Atleta de la Escuela Municipal, campeona provincial de los Juegos Entrerrianos en lanzamiento de martillo, con destacadas marcas en competencias provinciales y nacionales, alcanzando los 44,13 metros en Concordia en agosto.<\/p>\n<p><strong>Milagros Sanabria<\/strong> \u2013 Ciclista de nivel nacional, ex Selecci\u00f3n Argentina, con m\u00faltiples victorias en la categor\u00eda Damas \u00c9lite. Coment\u00f3 sobre su preparaci\u00f3n para el Campeonato Argentino de Pista y<br \/>los Juegos JADAR, donde d\u00edas despu\u00e9s alcanz\u00f3 el 3\u00b0 puesto en su categor\u00eda.<\/p>\n<p><strong>Lola Vel\u00e1zquez<\/strong> \u2013 Patinadora art\u00edstica con clasificaci\u00f3n al Nacional Absoluto en escuela y libre, alcanzando el 6\u00b0 puesto en San Juan y el 7\u00b0 en danza en su primer a\u00f1o en la categor\u00eda B3.<\/p>\n<p><strong>Mateo Buchet<\/strong> \u2013 Atleta de la Escuela Municipal, campe\u00f3n provincial en vallas y garrocha, medalla de bronce en el Nacional U16 de C\u00f3rdoba en Octatl\u00f3n, mejorando todas sus marcas individuales.<\/p>\n<p><strong>Joaqu\u00edn Scaglione<\/strong> \u2013 Nadador de la Selecci\u00f3n Argentina de Discapacidad, r\u00e9cord nacional en el Mundial de Turqu\u00eda 2023, y en plena preparaci\u00f3n para futuras competencias internacionales con vistas al Mundial 2026.<\/p>\n<p>&nbsp;<\/p>\n<p><strong>Escuelas de deporte municipal<\/strong><\/p>\n<p>Desde la Municipalidad de Colonia Avellaneda reafirmamos nuestro compromiso con el deporte como un derecho. Por eso brindamos la posibilidad de que toda la comunidad con las Escuelas Municipales de Deporte. Se puede acceder gratuitamente a las actividades deportivas desde los 4 hasta los 20 a\u00f1os, y luego solo abonando un seguro; de esta manera garantizando igualdad de condiciones y acceso para todas y todos.<\/p>\n<p>[\/et_pb_blurb][\/et_pb_column][\/et_pb_row][\/et_pb_section]<\/p>\n","protected":false},"excerpt":{"rendered":"<p>Realizamos un encuentro con j\u00f3venes referentes del deporte local para celebrar sus logros y proyectar nuevos desaf\u00edos.<\/p>\n","protected":false},"author":3,"featured_media":6390,"comment_status":"open","ping_status":"closed","sticky":false,"template":"","format":"standard","meta":{"_et_pb_use_builder":"on","_et_pb_old_content":"<!-- wp:categories \/-->","_et_gb_content_width":"","footnotes":""},"categories":[17],"tags":[],"class_list":["post-6406","post","type-post","status-publish","format-standard","has-post-thumbnail","hentry","category-noticias"],"_links":{"self":[{"href":"https:\/\/coloniaavellaneda.gob.ar\/web\/wp-json\/wp\/v2\/posts\/6406","targetHints":{"allow":["GET"]}}],"collection":[{"href":"https:\/\/coloniaavellaneda.gob.ar\/web\/wp-json\/wp\/v2\/posts"}],"about":[{"href":"https:\/\/coloniaavellaneda.gob.ar\/web\/wp-json\/wp\/v2\/types\/post"}],"author":[{"embeddable":true,"href":"https:\/\/coloniaavellaneda.gob.ar\/web\/wp-json\/wp\/v2\/users\/3"}],"replies":[{"embeddable":true,"href":"https:\/\/coloniaavellaneda.gob.ar\/web\/wp-json\/wp\/v2\/comments?post=6406"}],"version-history":[{"count":13,"href":"https:\/\/coloniaavellaneda.gob.ar\/web\/wp-json\/wp\/v2\/posts\/6406\/revisions"}],"predecessor-version":[{"id":6425,"href":"https:\/\/coloniaavellaneda.gob.ar\/web\/wp-json\/wp\/v2\/posts\/6406\/revisions\/6425"}],"wp:featuredmedia":[{"embeddable":true,"href":"https:\/\/coloniaavellaneda.gob.ar\/web\/wp-json\/wp\/v2\/media\/6390"}],"wp:attachment":[{"href":"https:\/\/coloniaavellaneda.gob.ar\/web\/wp-json\/wp\/v2\/media?parent=6406"}],"wp:term":[{"taxonomy":"category","embeddable":true,"href":"https:\/\/coloniaavellaneda.gob.ar\/web\/wp-json\/wp\/v2\/categories?post=6406"},{"taxonomy":"post_tag","embeddable":true,"href":"https:\/\/coloniaavellaneda.gob.ar\/web\/wp-json\/wp\/v2\/tags?post=6406"}],"curies":[{"name":"wp","href":"https:\/\/api.w.org\/{rel}","templated":true}]}}