{"id":6426,"date":"2025-10-09T14:43:00","date_gmt":"2025-10-09T14:43:00","guid":{"rendered":"https:\/\/coloniaavellaneda.gob.ar\/web\/?p=6426"},"modified":"2025-10-09T14:49:21","modified_gmt":"2025-10-09T14:49:21","slug":"colonia-avellaneda-se-sumo-al-mes-del-cancer-de-mama","status":"publish","type":"post","link":"https:\/\/coloniaavellaneda.gob.ar\/web\/colonia-avellaneda-se-sumo-al-mes-del-cancer-de-mama\/","title":{"rendered":"Colonia Avellaneda se sum\u00f3 al Mes del C\u00e1ncer de Mama"},"content":{"rendered":"\n[et_pb_section fb_built=\u00bb1&#8243; _builder_version=\u00bb4.27.4&#8243; _module_preset=\u00bbdefault\u00bb hover_enabled=\u00bb0&#8243; global_colors_info=\u00bb{}\u00bb sticky_enabled=\u00bb0&#8243;][et_pb_row _builder_version=\u00bb4.27.4&#8243; _module_preset=\u00bbdefault\u00bb custom_padding=\u00bb||27px|||\u00bb global_colors_info=\u00bb{}\u00bb][et_pb_column type=\u00bb4_4&#8243; _builder_version=\u00bb4.27.4&#8243; _module_preset=\u00bbdefault\u00bb global_colors_info=\u00bb{}\u00bb][et_pb_blurb image=\u00bbhttps:\/\/coloniaavellaneda.gob.ar\/web\/wp-content\/uploads\/2025\/10\/caminata-colonia-avellaneda.jpg\u00bb _builder_version=\u00bb4.27.4&#8243; _module_preset=\u00bbdefault\u00bb custom_margin=\u00bb||-34px|||\u00bb global_colors_info=\u00bb{}\u00bb]<p><em>El Municipio de Colonia Avellaneda llev\u00f3 adelante una iniciativa con actividades recreativas, deportivas y culturales para promover la prevenci\u00f3n y detecci\u00f3n temprana del c\u00e1ncer de mama, y celebr\u00f3 adem\u00e1s el D\u00eda Internacional de las Personas Mayores con un encuentro regional de golf croquet.<br \/><\/em><\/p>\n<p>El pasado s\u00e1bado 4 de octubre, de 16 a 19 horas, el Prado Espa\u00f1ol fue escenario de un emotivo encuentro en el marco del Mes de la Prevenci\u00f3n del C\u00e1ncer de Mama, organizado por el Municipio<\/p>\n<p>El evento tuvo como objetivo visibilizar la importancia de la prevenci\u00f3n y la detecci\u00f3n temprana del c\u00e1ncer, promoviendo la concientizaci\u00f3n y el cuidado de la salud a trav\u00e9s de actividades abiertas a toda la comunidad.<\/p>\n<p>Durante la jornada se llevaron adelante diversas propuestas que combinaron salud y recreaci\u00f3n: una feria de emprendedores, actividades deportivas como f\u00fatbol, zumba y ritmos, una caminata recreativa y un show musical que dio un cierre festivo a la tarde.<\/p>\n<p>Estuvieron presentes por el \u00c1rea de Deportes, Diego D\u00edaz, por el \u00c1rea de Empleo y Emprendedurismo, Ximena Sol\u00e1, por el \u00c1rea de G\u00e9nero, Valeria Tost Raid\u00e9 y por el \u00c1rea de Adultos Mayores, Lucila Mart\u00ednez.<\/p>\n<p>Susana Borda, profesora de zumba en el \u00c1rea de Deportes, integrante de AICER, Asociaci\u00f3n Integral del C\u00e1ncer Entre R\u00edos, y sobreviviente de c\u00e1ncer de mama, comparti\u00f3 su experiencia e inst\u00f3 a realizarse controles peri\u00f3dicos.<br \/>\u201cHoy en d\u00eda el c\u00e1ncer de mama es curable si lo agarramos a tiempo\u201d, expres\u00f3. \u201cYo pude, as\u00ed que vos tambi\u00e9n vas a poder hacerlo. No te bajes\u201d, agreg\u00f3.<\/p>\n<p>&nbsp;<\/p>[\/et_pb_blurb][\/et_pb_column][\/et_pb_row][et_pb_row _builder_version=\u00bb4.27.4&#8243; _module_preset=\u00bbdefault\u00bb global_colors_info=\u00bb{}\u00bb][et_pb_column type=\u00bb4_4&#8243; _builder_version=\u00bb4.27.4&#8243; _module_preset=\u00bbdefault\u00bb global_colors_info=\u00bb{}\u00bb][et_pb_blurb image=\u00bbhttps:\/\/coloniaavellaneda.gob.ar\/web\/wp-content\/uploads\/2025\/10\/WhatsApp-Image-2025-10-08-at-10.31.35-e1760016199697.jpeg\u00bb _builder_version=\u00bb4.27.4&#8243; _module_preset=\u00bbdefault\u00bb custom_margin=\u00bb-42px|||||\u00bb custom_padding=\u00bb12px|||||\u00bb global_colors_info=\u00bb{}\u00bb]<p><strong>D\u00eda Internacional de las Personas Mayores<\/strong><\/p>\n<p>El \u00c1rea de Adultos Mayores se sum\u00f3 a la propuesta con el Encuentro Regional de Golf Croquet, en el marco del D\u00eda Internacional de las Personas Mayores, que reuni\u00f3 a m\u00e1s de 70 participantes de distintas localidades. Adem\u00e1s se realizaron otras actividades recreativas como ajedrez, truco y chinch\u00f3n.<\/p>\n<p>Desde el Municipio de Colonia Avellaneda destacamos la importancia de continuar impulsando espacios de concientizaci\u00f3n y prevenci\u00f3n, fortaleciendo el compromiso colectivo con la salud y el bienestar de la comunidad.<\/p>[\/et_pb_blurb][\/et_pb_column][\/et_pb_row][et_pb_row column_structure=\u00bb1_3,1_3,1_3&#8243; _builder_version=\u00bb4.27.4&#8243; _module_preset=\u00bbdefault\u00bb global_colors_info=\u00bb{}\u00bb][et_pb_column type=\u00bb1_3&#8243; _builder_version=\u00bb4.27.4&#8243; _module_preset=\u00bbdefault\u00bb global_colors_info=\u00bb{}\u00bb][\/et_pb_column][et_pb_column type=\u00bb1_3&#8243; _builder_version=\u00bb4.27.4&#8243; _module_preset=\u00bbdefault\u00bb global_colors_info=\u00bb{}\u00bb][\/et_pb_column][et_pb_column type=\u00bb1_3&#8243; _builder_version=\u00bb4.27.4&#8243; _module_preset=\u00bbdefault\u00bb global_colors_info=\u00bb{}\u00bb][\/et_pb_column][\/et_pb_row][\/et_pb_section]\n","protected":false},"excerpt":{"rendered":"<p>El Municipio de Colonia Avellaneda llev\u00f3 adelante una iniciativa con actividades recreativas, deportivas y culturales para promover la prevenci\u00f3n y detecci\u00f3n temprana del c\u00e1ncer de mama, y celebr\u00f3 adem\u00e1s el D\u00eda Internacional de las Personas Mayores con un encuentro regional de golf croquet. El pasado s\u00e1bado 4 de octubre, de 16 a 19 horas, el [&hellip;]<\/p>\n","protected":false},"author":3,"featured_media":6455,"comment_status":"open","ping_status":"closed","sticky":false,"template":"","format":"standard","meta":{"_et_pb_use_builder":"on","_et_pb_old_content":"","_et_gb_content_width":"","footnotes":""},"categories":[17],"tags":[],"class_list":["post-6426","post","type-post","status-publish","format-standard","has-post-thumbnail","hentry","category-noticias"],"_links":{"self":[{"href":"https:\/\/coloniaavellaneda.gob.ar\/web\/wp-json\/wp\/v2\/posts\/6426","targetHints":{"allow":["GET"]}}],"collection":[{"href":"https:\/\/coloniaavellaneda.gob.ar\/web\/wp-json\/wp\/v2\/posts"}],"about":[{"href":"https:\/\/coloniaavellaneda.gob.ar\/web\/wp-json\/wp\/v2\/types\/post"}],"author":[{"embeddable":true,"href":"https:\/\/coloniaavellaneda.gob.ar\/web\/wp-json\/wp\/v2\/users\/3"}],"replies":[{"embeddable":true,"href":"https:\/\/coloniaavellaneda.gob.ar\/web\/wp-json\/wp\/v2\/comments?post=6426"}],"version-history":[{"count":9,"href":"https:\/\/coloniaavellaneda.gob.ar\/web\/wp-json\/wp\/v2\/posts\/6426\/revisions"}],"predecessor-version":[{"id":6456,"href":"https:\/\/coloniaavellaneda.gob.ar\/web\/wp-json\/wp\/v2\/posts\/6426\/revisions\/6456"}],"wp:featuredmedia":[{"embeddable":true,"href":"https:\/\/coloniaavellaneda.gob.ar\/web\/wp-json\/wp\/v2\/media\/6455"}],"wp:attachment":[{"href":"https:\/\/coloniaavellaneda.gob.ar\/web\/wp-json\/wp\/v2\/media?parent=6426"}],"wp:term":[{"taxonomy":"category","embeddable":true,"href":"https:\/\/coloniaavellaneda.gob.ar\/web\/wp-json\/wp\/v2\/categories?post=6426"},{"taxonomy":"post_tag","embeddable":true,"href":"https:\/\/coloniaavellaneda.gob.ar\/web\/wp-json\/wp\/v2\/tags?post=6426"}],"curies":[{"name":"wp","href":"https:\/\/api.w.org\/{rel}","templated":true}]}}