{"id":6457,"date":"2025-10-14T14:28:52","date_gmt":"2025-10-14T14:28:52","guid":{"rendered":"https:\/\/coloniaavellaneda.gob.ar\/web\/?p=6457"},"modified":"2025-10-14T16:10:46","modified_gmt":"2025-10-14T16:10:46","slug":"ciclo-de-podcasts-por-el-mes-de-la-inclusion","status":"publish","type":"post","link":"https:\/\/coloniaavellaneda.gob.ar\/web\/ciclo-de-podcasts-por-el-mes-de-la-inclusion\/","title":{"rendered":"Ciclo de podcasts por el Mes de la Inclusi\u00f3n"},"content":{"rendered":"<p>[et_pb_section fb_built=\u00bb1&#8243; _builder_version=\u00bb4.27.4&#8243; _module_preset=\u00bbdefault\u00bb global_colors_info=\u00bb{}\u00bb][et_pb_row _builder_version=\u00bb4.27.4&#8243; _module_preset=\u00bbdefault\u00bb custom_margin=\u00bb-23px|auto||auto||\u00bb global_colors_info=\u00bb{}\u00bb][et_pb_column type=\u00bb4_4&#8243; _builder_version=\u00bb4.27.4&#8243; _module_preset=\u00bbdefault\u00bb global_colors_info=\u00bb{}\u00bb][et_pb_blurb _builder_version=\u00bb4.27.4&#8243; _module_preset=\u00bbdefault\u00bb global_colors_info=\u00bb{}\u00bb]<\/p>\n<p><em>Durante el mes de octubre, el Municipio de Colonia Avellaneda est\u00e1 llevando adelante una propuesta de podcasts para reflexionar, sensibilizar y promover los derechos de las personas con discapacidad.<\/em><\/p>\n<p>El Mes de la Inclusi\u00f3n tiene como objetivo concientizar y visibilizar la discapacidad y los derechos de las personas en todos los aspectos de la vida social. A lo largo de todo el mes de octubre, el \u00c1rea de Discapacidad propone un espacio diferente de di\u00e1logo y aprendizaje colectivo a trav\u00e9s de un ciclo de podcasts bajo el lema \u201cIncluir tambi\u00e9n es escuchar\u201d.<\/p>\n<p>La iniciativa busca abordar la discapacidad desde una mirada cotidiana y cercana, derribando prejuicios y generando conciencia sobre la importancia de la inclusi\u00f3n real. Cada jueves del mes se publicar\u00e1 un episodio, de aproximadamente 20 minutos, que invita a reflexionar sobre distintas tem\u00e1ticas con voces comprometidas y sensibles al tema.<\/p>\n<p>El primer episodio, \u201cDeporte y Discapacidad\u201d,\u00a0 con <strong>Joaqu\u00edn Scaglione<\/strong>, ya se encuentra disponible, ofreciendo una charla para pensar la inclusi\u00f3n desde la actividad f\u00edsica y la participaci\u00f3n social.<\/p>\n<p>Entre las personas que participan de los episodios se encuentran:<\/p>\n<p>&#8211; JUEVES 16: <strong>Amaru M\u00e9ndez<\/strong>, aborda certificado y pensiones no contributivas y <strong>Nadia Gasparin<\/strong>, presidenta de AICER, quien comparte su experiencia y mirada sobre los derechos y la discapacidad.<\/p>\n<p>&#8211; JUEVES 23: <strong>Lic. Adriana Moix<\/strong>, reflexiona sobre sexualidad y discapacidad.<\/p>\n<p>&#8211; JUEVES 30: <strong>Claudia Frank,\u00a0<\/strong>madre de una persona con discapacidad y concejala, comenta sobre sus experiencias y reflexiones.<\/p>\n<p>&nbsp;<\/p>\n<p>Hablar de inclusi\u00f3n es reconocer, escuchar y valorar las diferencias. Desde el Municipio de Colonia Avellaneda reafirmamos nuestro compromiso con la construcci\u00f3n de una comunidad m\u00e1s emp\u00e1tica e inclusiva, donde todas las personas sean consideradas como sujetos de derecho.<\/p>\n<p>[\/et_pb_blurb][\/et_pb_column][\/et_pb_row][\/et_pb_section]<\/p>\n","protected":false},"excerpt":{"rendered":"<p>Durante el mes de octubre, el Municipio de Colonia Avellaneda est\u00e1 llevando adelante una propuesta de podcasts para reflexionar, sensibilizar y promover los derechos de las personas con discapacidad. El Mes de la Inclusi\u00f3n tiene como objetivo concientizar y visibilizar la discapacidad y los derechos de las personas en todos los aspectos de la vida [&hellip;]<\/p>\n","protected":false},"author":3,"featured_media":6463,"comment_status":"open","ping_status":"closed","sticky":false,"template":"","format":"standard","meta":{"_et_pb_use_builder":"on","_et_pb_old_content":"","_et_gb_content_width":"","footnotes":""},"categories":[17],"tags":[],"class_list":["post-6457","post","type-post","status-publish","format-standard","has-post-thumbnail","hentry","category-noticias"],"_links":{"self":[{"href":"https:\/\/coloniaavellaneda.gob.ar\/web\/wp-json\/wp\/v2\/posts\/6457","targetHints":{"allow":["GET"]}}],"collection":[{"href":"https:\/\/coloniaavellaneda.gob.ar\/web\/wp-json\/wp\/v2\/posts"}],"about":[{"href":"https:\/\/coloniaavellaneda.gob.ar\/web\/wp-json\/wp\/v2\/types\/post"}],"author":[{"embeddable":true,"href":"https:\/\/coloniaavellaneda.gob.ar\/web\/wp-json\/wp\/v2\/users\/3"}],"replies":[{"embeddable":true,"href":"https:\/\/coloniaavellaneda.gob.ar\/web\/wp-json\/wp\/v2\/comments?post=6457"}],"version-history":[{"count":8,"href":"https:\/\/coloniaavellaneda.gob.ar\/web\/wp-json\/wp\/v2\/posts\/6457\/revisions"}],"predecessor-version":[{"id":6474,"href":"https:\/\/coloniaavellaneda.gob.ar\/web\/wp-json\/wp\/v2\/posts\/6457\/revisions\/6474"}],"wp:featuredmedia":[{"embeddable":true,"href":"https:\/\/coloniaavellaneda.gob.ar\/web\/wp-json\/wp\/v2\/media\/6463"}],"wp:attachment":[{"href":"https:\/\/coloniaavellaneda.gob.ar\/web\/wp-json\/wp\/v2\/media?parent=6457"}],"wp:term":[{"taxonomy":"category","embeddable":true,"href":"https:\/\/coloniaavellaneda.gob.ar\/web\/wp-json\/wp\/v2\/categories?post=6457"},{"taxonomy":"post_tag","embeddable":true,"href":"https:\/\/coloniaavellaneda.gob.ar\/web\/wp-json\/wp\/v2\/tags?post=6457"}],"curies":[{"name":"wp","href":"https:\/\/api.w.org\/{rel}","templated":true}]}}