{"id":6549,"date":"2025-11-03T23:54:58","date_gmt":"2025-11-03T23:54:58","guid":{"rendered":"https:\/\/coloniaavellaneda.gob.ar\/web\/?p=6549"},"modified":"2025-11-04T12:01:28","modified_gmt":"2025-11-04T12:01:28","slug":"convocatoria-a-microcreditos-para-emprendedores-locales","status":"publish","type":"post","link":"https:\/\/coloniaavellaneda.gob.ar\/web\/convocatoria-a-microcreditos-para-emprendedores-locales\/","title":{"rendered":"El Municipio de Colonia Avellaneda convoca a Emprendedores Locales"},"content":{"rendered":"\n[et_pb_section fb_built=\u00bb1&#8243; _builder_version=\u00bb4.27.4&#8243; _module_preset=\u00bbdefault\u00bb global_colors_info=\u00bb{}\u00bb custom_padding=\u00bb0px|||||\u00bb][et_pb_row _builder_version=\u00bb4.27.4&#8243; _module_preset=\u00bbdefault\u00bb global_colors_info=\u00bb{}\u00bb][et_pb_column type=\u00bb4_4&#8243; _builder_version=\u00bb4.27.4&#8243; _module_preset=\u00bbdefault\u00bb global_colors_info=\u00bb{}\u00bb][et_pb_blurb _builder_version=\u00bb4.27.4&#8243; _module_preset=\u00bbdefault\u00bb global_colors_info=\u00bb{}\u00bb]<p>&nbsp;<\/p>\n<p><em><\/em><\/p>\n<p><em>Con el objetivo de fomentar la inclusi\u00f3n productiva y el desarrollo local, el municipio lanza una nueva convocatoria a microcr\u00e9ditos.<\/em><\/p>\n<p>El Municipio de Colonia Avellaneda, a trav\u00e9s del \u00c1rea de Empleo y Econom\u00eda Social, invita a vecinos y vecinas con emprendimientos artesanales, productivos o de servicios a participar de la charla informativa sobre la l\u00ednea de microcr\u00e9ditos, una herramienta pensada para impulsar el crecimiento y fortalecimiento de la econom\u00eda local.<\/p>\n<p>El encuentro se realizar\u00e1 el mi\u00e9rcoles 5 de noviembre, a las 15:00 horas, en la Casita de la Cultura (Juan Manuel de Rosas 2383) y estar\u00e1 abierto a toda la comunidad de manera gratuita. Durante la jornada se brindar\u00e1 informaci\u00f3n sobre los requisitos, modalidad de acceso y beneficios de este programa.<\/p>\n<p>Los microcr\u00e9ditos se otorgan con garant\u00eda solidaria, es decir, mediante grupos de emprendedores que se respaldan mutuamente para cumplir con el pr\u00e9stamo.<\/p>\n<p>&nbsp;<\/p>\n<p><strong>Requisitos<\/strong><\/p>\n<p>\u25cf Ser mayor de 18 a\u00f1os<\/p>\n<p>\u25cf Tener domicilio en Colonia Avellaneda<\/p>\n<p>\u25cf Contar con un emprendimiento artesanal, productivo o de servicios<\/p>\n<p>\u25cf Poseer al menos un a\u00f1o de antig\u00fcedad en la actividad<\/p>\n<p>\u25cf Integrar un grupo de garant\u00eda solidaria<\/p>\n<p>&nbsp;<\/p>\n<p>&nbsp;<\/p>\n<p>&nbsp;<\/p>\n<p>Para m\u00e1s informaci\u00f3n, quienes est\u00e9n interesados pueden comunicarse al 343- 4801475 (v\u00eda WhatsApp) o acercarse al \u00e1rea de Empleo y Econom\u00eda Social del municipio.<\/p>\n<p>Desde la Municipalidad de Colonia Avellaneda trabajamos para impulsar la econom\u00eda local, fortalecer el trabajo independiente y acompa\u00f1ar a quienes emprenden d\u00eda a d\u00eda.<\/p>[\/et_pb_blurb][\/et_pb_column][\/et_pb_row][\/et_pb_section]\n","protected":false},"excerpt":{"rendered":"<p>&nbsp; Con el objetivo de fomentar la inclusi\u00f3n productiva y el desarrollo local, el municipio lanza una nueva convocatoria a microcr\u00e9ditos. El Municipio de Colonia Avellaneda, a trav\u00e9s del \u00c1rea de Empleo y Econom\u00eda Social, invita a vecinos y vecinas con emprendimientos artesanales, productivos o de servicios a participar de la charla informativa sobre la [&hellip;]<\/p>\n","protected":false},"author":3,"featured_media":6551,"comment_status":"open","ping_status":"closed","sticky":false,"template":"","format":"standard","meta":{"_et_pb_use_builder":"on","_et_pb_old_content":"","_et_gb_content_width":"","footnotes":""},"categories":[17],"tags":[],"class_list":["post-6549","post","type-post","status-publish","format-standard","has-post-thumbnail","hentry","category-noticias"],"_links":{"self":[{"href":"https:\/\/coloniaavellaneda.gob.ar\/web\/wp-json\/wp\/v2\/posts\/6549","targetHints":{"allow":["GET"]}}],"collection":[{"href":"https:\/\/coloniaavellaneda.gob.ar\/web\/wp-json\/wp\/v2\/posts"}],"about":[{"href":"https:\/\/coloniaavellaneda.gob.ar\/web\/wp-json\/wp\/v2\/types\/post"}],"author":[{"embeddable":true,"href":"https:\/\/coloniaavellaneda.gob.ar\/web\/wp-json\/wp\/v2\/users\/3"}],"replies":[{"embeddable":true,"href":"https:\/\/coloniaavellaneda.gob.ar\/web\/wp-json\/wp\/v2\/comments?post=6549"}],"version-history":[{"count":7,"href":"https:\/\/coloniaavellaneda.gob.ar\/web\/wp-json\/wp\/v2\/posts\/6549\/revisions"}],"predecessor-version":[{"id":6563,"href":"https:\/\/coloniaavellaneda.gob.ar\/web\/wp-json\/wp\/v2\/posts\/6549\/revisions\/6563"}],"wp:featuredmedia":[{"embeddable":true,"href":"https:\/\/coloniaavellaneda.gob.ar\/web\/wp-json\/wp\/v2\/media\/6551"}],"wp:attachment":[{"href":"https:\/\/coloniaavellaneda.gob.ar\/web\/wp-json\/wp\/v2\/media?parent=6549"}],"wp:term":[{"taxonomy":"category","embeddable":true,"href":"https:\/\/coloniaavellaneda.gob.ar\/web\/wp-json\/wp\/v2\/categories?post=6549"},{"taxonomy":"post_tag","embeddable":true,"href":"https:\/\/coloniaavellaneda.gob.ar\/web\/wp-json\/wp\/v2\/tags?post=6549"}],"curies":[{"name":"wp","href":"https:\/\/api.w.org\/{rel}","templated":true}]}}