{"id":6568,"date":"2025-11-18T21:53:44","date_gmt":"2025-11-18T21:53:44","guid":{"rendered":"https:\/\/coloniaavellaneda.gob.ar\/web\/?p=6568"},"modified":"2025-11-18T21:53:45","modified_gmt":"2025-11-18T21:53:45","slug":"el-municipio-de-colonia-avellaneda-invita-al-desfile-primera-flor","status":"publish","type":"post","link":"https:\/\/coloniaavellaneda.gob.ar\/web\/el-municipio-de-colonia-avellaneda-invita-al-desfile-primera-flor\/","title":{"rendered":"El Municipio de Colonia Avellaneda invita al Desfile Primera Flor"},"content":{"rendered":"\n[et_pb_section fb_built=\u00bb1&#8243; theme_builder_area=\u00bbpost_content\u00bb _builder_version=\u00bb4.27.4&#8243; _module_preset=\u00bbdefault\u00bb hover_enabled=\u00bb0&#8243; sticky_enabled=\u00bb0&#8243;][et_pb_row _builder_version=\u00bb4.27.4&#8243; _module_preset=\u00bbdefault\u00bb theme_builder_area=\u00bbpost_content\u00bb][et_pb_column _builder_version=\u00bb4.27.4&#8243; _module_preset=\u00bbdefault\u00bb type=\u00bb4_4&#8243; theme_builder_area=\u00bbpost_content\u00bb][et_pb_blurb _builder_version=\u00bb4.27.4&#8243; _module_preset=\u00bbdefault\u00bb theme_builder_area=\u00bbpost_content\u00bb title_text=\u00bbDSC_2507&#8243; hover_enabled=\u00bb0&#8243; sticky_enabled=\u00bb0&#8243; locked=\u00bboff\u00bb image_icon_width=\u00bb84%\u00bb inline_fonts=\u00bbABeeZee,Gideon Roman\u00bb]<p><em>El evento re\u00fane dise\u00f1o y creatividad local y podr\u00e1 disfrutarse de manera gratuita este s\u00e1bado 22 de noviembre a las 20 horas en el Prado Espa\u00f1ol.<\/em><\/p>\n<p>La propuesta, organizada por el Instituto Vivi Mar\u00edn y la Escuela de Arte y Moda Stars By A.S, busca poner en valor el trabajo de dise\u00f1adores y emprendedores de la regi\u00f3n, quienes presentar\u00e1n sus creaciones en pasarela. Adem\u00e1s, emprendedores gastron\u00f3micos de la ciudad ofrecer\u00e1n un variado patio de comidas para acompa\u00f1ar la velada.<\/p>\n<p>&nbsp;<\/p>\n<p><em><img loading=\"lazy\" decoding=\"async\" src=\"https:\/\/coloniaavellaneda.gob.ar\/web\/wp-content\/uploads\/2025\/11\/DSC_2507-1024x683-1.jpg\" width=\"1024\" height=\"683\" alt=\"\" class=\"wp-image-6573 alignnone size-full\" srcset=\"https:\/\/coloniaavellaneda.gob.ar\/web\/wp-content\/uploads\/2025\/11\/DSC_2507-1024x683-1.jpg 1024w, https:\/\/coloniaavellaneda.gob.ar\/web\/wp-content\/uploads\/2025\/11\/DSC_2507-1024x683-1-980x654.jpg 980w, https:\/\/coloniaavellaneda.gob.ar\/web\/wp-content\/uploads\/2025\/11\/DSC_2507-1024x683-1-480x320.jpg 480w\" sizes=\"(min-width: 0px) and (max-width: 480px) 480px, (min-width: 481px) and (max-width: 980px) 980px, (min-width: 981px) 1024px, 100vw\" \/><\/em><span style=\"font-family: inherit; font-size: x-small; color: #333333;\">El intendente Ariel Weiss junto a la responsable del \u00e1rea de empleo y emprendedurismo Ximena Sola y las organizadoras del desfile Alejandra Su\u00e1rez y Viviana Mar\u00edn durante la rueda de prensa realizada este martes.<\/span><\/p>\n<p><span style=\"font-size: small; font-family: inherit;\"><\/span><\/p>\n<p><span style=\"font-size: small; font-family: inherit;\"><\/span><\/p>\n<p><span style=\"font-size: small; font-family: inherit;\"><\/span><\/p>\n<p><span style=\"font-size: small; font-family: inherit;\"><\/span><\/p>\n<p><span style=\"font-size: small; font-family: inherit;\">Los vecinos de Colonia Avellaneda podr\u00e1n ingresar de manera gratuita presentando su DNI. Asimismo, quienes lo deseen podr\u00e1n adquirir entradas para acceder a asientos reservados.<\/span><\/p>\n<p>Durante la rueda de prensa, el intendente Ariel Weiss destac\u00f3 la importancia de esta edici\u00f3n:<\/p>\n<p>\u201cA partir del a\u00f1o pasado empezamos a so\u00f1ar con una edici\u00f3n de Primera Flor en Colonia Avellaneda, y hoy estamos a pocos d\u00edas de disfrutarla. Es un evento que nos permite una gran visibilizaci\u00f3n de lo que somos, de lo que tenemos, y un encuentro de esta magnitud nos llena de orgullo y felicidad\u201d, afirm\u00f3.<\/p>\n<p>El desfile se consolida como un espacio de encuentro para la comunidad, promoviendo el acceso a propuestas culturales y resaltando las actividades independientes que crecen en nuestra ciudad.<\/p>\n<p>Seguimos impulsando iniciativas que fortalezcan la identidad local, la participaci\u00f3n ciudadana y el desarrollo de nuestros emprendedores.<\/p>[\/et_pb_blurb][\/et_pb_column][\/et_pb_row][\/et_pb_section][et_pb_section fb_built=\u00bb1&#8243; theme_builder_area=\u00bbpost_content\u00bb _builder_version=\u00bb4.27.4&#8243; _module_preset=\u00bbdefault\u00bb][et_pb_row _builder_version=\u00bb4.27.4&#8243; _module_preset=\u00bbdefault\u00bb theme_builder_area=\u00bbpost_content\u00bb][et_pb_column _builder_version=\u00bb4.27.4&#8243; _module_preset=\u00bbdefault\u00bb theme_builder_area=\u00bbpost_content\u00bb type=\u00bb4_4&#8243;][\/et_pb_column][\/et_pb_row][\/et_pb_section][et_pb_section fb_built=\u00bb1&#8243; theme_builder_area=\u00bbpost_content\u00bb _builder_version=\u00bb4.27.4&#8243; _module_preset=\u00bbdefault\u00bb][et_pb_row _builder_version=\u00bb4.27.4&#8243; _module_preset=\u00bbdefault\u00bb theme_builder_area=\u00bbpost_content\u00bb][et_pb_column _builder_version=\u00bb4.27.4&#8243; _module_preset=\u00bbdefault\u00bb theme_builder_area=\u00bbpost_content\u00bb type=\u00bb4_4&#8243;][\/et_pb_column][\/et_pb_row][\/et_pb_section][et_pb_section fb_built=\u00bb1&#8243; theme_builder_area=\u00bbpost_content\u00bb _builder_version=\u00bb4.27.4&#8243; _module_preset=\u00bbdefault\u00bb][et_pb_row _builder_version=\u00bb4.27.4&#8243; _module_preset=\u00bbdefault\u00bb theme_builder_area=\u00bbpost_content\u00bb][et_pb_column _builder_version=\u00bb4.27.4&#8243; _module_preset=\u00bbdefault\u00bb theme_builder_area=\u00bbpost_content\u00bb][\/et_pb_column][\/et_pb_row][\/et_pb_section]\n","protected":false},"excerpt":{"rendered":"<p>El evento re\u00fane dise\u00f1o y creatividad local y podr\u00e1 disfrutarse de manera gratuita este s\u00e1bado 22 de noviembre a las 20 horas en el Prado Espa\u00f1ol. La propuesta, organizada por el Instituto Vivi Mar\u00edn y la Escuela de Arte y Moda Stars By A.S, busca poner en valor el trabajo de dise\u00f1adores y emprendedores de [&hellip;]<\/p>\n","protected":false},"author":3,"featured_media":6569,"comment_status":"open","ping_status":"closed","sticky":false,"template":"","format":"standard","meta":{"_et_pb_use_builder":"on","_et_pb_old_content":"","_et_gb_content_width":"","footnotes":""},"categories":[17],"tags":[],"class_list":["post-6568","post","type-post","status-publish","format-standard","has-post-thumbnail","hentry","category-noticias"],"_links":{"self":[{"href":"https:\/\/coloniaavellaneda.gob.ar\/web\/wp-json\/wp\/v2\/posts\/6568","targetHints":{"allow":["GET"]}}],"collection":[{"href":"https:\/\/coloniaavellaneda.gob.ar\/web\/wp-json\/wp\/v2\/posts"}],"about":[{"href":"https:\/\/coloniaavellaneda.gob.ar\/web\/wp-json\/wp\/v2\/types\/post"}],"author":[{"embeddable":true,"href":"https:\/\/coloniaavellaneda.gob.ar\/web\/wp-json\/wp\/v2\/users\/3"}],"replies":[{"embeddable":true,"href":"https:\/\/coloniaavellaneda.gob.ar\/web\/wp-json\/wp\/v2\/comments?post=6568"}],"version-history":[{"count":3,"href":"https:\/\/coloniaavellaneda.gob.ar\/web\/wp-json\/wp\/v2\/posts\/6568\/revisions"}],"predecessor-version":[{"id":6577,"href":"https:\/\/coloniaavellaneda.gob.ar\/web\/wp-json\/wp\/v2\/posts\/6568\/revisions\/6577"}],"wp:featuredmedia":[{"embeddable":true,"href":"https:\/\/coloniaavellaneda.gob.ar\/web\/wp-json\/wp\/v2\/media\/6569"}],"wp:attachment":[{"href":"https:\/\/coloniaavellaneda.gob.ar\/web\/wp-json\/wp\/v2\/media?parent=6568"}],"wp:term":[{"taxonomy":"category","embeddable":true,"href":"https:\/\/coloniaavellaneda.gob.ar\/web\/wp-json\/wp\/v2\/categories?post=6568"},{"taxonomy":"post_tag","embeddable":true,"href":"https:\/\/coloniaavellaneda.gob.ar\/web\/wp-json\/wp\/v2\/tags?post=6568"}],"curies":[{"name":"wp","href":"https:\/\/api.w.org\/{rel}","templated":true}]}}