{"id":6653,"date":"2025-12-02T14:28:42","date_gmt":"2025-12-02T14:28:42","guid":{"rendered":"https:\/\/coloniaavellaneda.gob.ar\/web\/?p=6653"},"modified":"2025-12-02T18:32:48","modified_gmt":"2025-12-02T18:32:48","slug":"se-viene-la-5a-fiesta-del-migrante-a-colonia-avellaneda","status":"publish","type":"post","link":"https:\/\/coloniaavellaneda.gob.ar\/web\/se-viene-la-5a-fiesta-del-migrante-a-colonia-avellaneda\/","title":{"rendered":"Se viene la 5\u00aa Fiesta del Migrante a Colonia Avellaneda"},"content":{"rendered":"<p>[et_pb_section fb_built=\u00bb1&#8243; _builder_version=\u00bb4.27.4&#8243; _module_preset=\u00bbdefault\u00bb global_colors_info=\u00bb{}\u00bb][et_pb_row _builder_version=\u00bb4.27.4&#8243; _module_preset=\u00bbdefault\u00bb min_height=\u00bb1060.7px\u00bb custom_margin=\u00bb-27px|auto||auto||\u00bb global_colors_info=\u00bb{}\u00bb][et_pb_column type=\u00bb4_4&#8243; _builder_version=\u00bb4.27.4&#8243; _module_preset=\u00bbdefault\u00bb global_colors_info=\u00bb{}\u00bb][et_pb_blurb _builder_version=\u00bb4.27.4&#8243; _module_preset=\u00bbdefault\u00bb global_colors_info=\u00bb{}\u00bb]<\/p>\n<p><em>Un encuentro que celebra nuestras ra\u00edces, nuestra diversidad y el crecimiento de una ciudad construida por el aporte de todas las comunidades.<\/em><\/p>\n<p>Colonia Avellaneda celebra la 5\u00aa edici\u00f3n de la Fiesta del Migrante, consolidada como una de las propuestas culturales m\u00e1s convocantes de la regi\u00f3n.<br \/>El evento se realizar\u00e1 el s\u00e1bado 6 de diciembre, a las 19:30, en el Prado Espa\u00f1ol, con entrada libre y gratuita.<\/p>\n<p>La programaci\u00f3n incluye una feria de emprendedores y artesanos, patio gastron\u00f3mico, fiestas regionales, m\u00fasica en vivo, campeonatos de truco y chinch\u00f3n, y la presentaci\u00f3n de los talleres municipales de danzas, que re\u00fanen a m\u00e1s de cien bailarinas y bailarines de folklore, estilizada, cumbia y otras expresiones art\u00edsticas.<\/p>\n<p>&nbsp;<\/p>\n<p><strong>Una fiesta que crece junto a su gente<\/strong><\/p>\n<p>La Fiesta del Migrante surge como respuesta al crecimiento demogr\u00e1fico y cultural de la ciudad, un punto de encuentro donde conviven historias, costumbres y ra\u00edces de m\u00faltiples comunidades entrerrianas. Cada edici\u00f3n invita a reconocer y celebrar esa diversidad a trav\u00e9s de la m\u00fasica, la danza, la gastronom\u00eda regional y el talento de emprendedores y artesanos.<\/p>\n<p>Este a\u00f1o, la celebraci\u00f3n fue declarada de Inter\u00e9s Legislativo por la Honorable C\u00e1mara de Diputados de Entre R\u00edos y de Inter\u00e9s Tur\u00edstico por la Secretar\u00eda de Turismo de la Provincia de Entre R\u00edos, lo que reafirma su importancia para la identidad local y su proyecci\u00f3n dentro del calendario cultural provincial.<\/p>\n<p>&nbsp;<\/p>\n<p><strong>Artistas presentes:<\/strong><\/p>\n<p>&#8211; Coro de Villa Urquiza y Ensamble de Sauce Montrull<br \/>&#8211; Candela Clavel Heis<br \/>&#8211; Peg\u00f3 en el Palo<br \/>&#8211; Alta Revoluci\u00f3n<br \/>&#8211; Juan Manuel Bilat<br \/>&#8211; Horacio Gait\u00e1n<\/p>\n<p>&nbsp;<\/p>\n<p>La Fiesta del Migrante contin\u00faa creciendo edici\u00f3n tras edici\u00f3n, convocando a miles de visitantes y fortaleciendo el movimiento tur\u00edstico, cultural y emprendedor de Colonia Avellaneda. Ven\u00ed a ser parte de este festejo que recupera nuestras ra\u00edces y refleja el esp\u00edritu de una comunidad diversa y en permanente construcci\u00f3n.<\/p>\n<p>.<\/p>\n<p>[\/et_pb_blurb][\/et_pb_column][\/et_pb_row][\/et_pb_section]<\/p>\n","protected":false},"excerpt":{"rendered":"<p>Un encuentro que celebra nuestras ra\u00edces, nuestra diversidad y el crecimiento de una ciudad construida por el aporte de todas las comunidades. Colonia Avellaneda celebra la 5\u00aa edici\u00f3n de la Fiesta del Migrante, consolidada como una de las propuestas culturales m\u00e1s convocantes de la regi\u00f3n.El evento se realizar\u00e1 el s\u00e1bado 6 de diciembre, a las [&hellip;]<\/p>\n","protected":false},"author":3,"featured_media":6657,"comment_status":"open","ping_status":"closed","sticky":false,"template":"","format":"standard","meta":{"_et_pb_use_builder":"on","_et_pb_old_content":"","_et_gb_content_width":"","footnotes":""},"categories":[17],"tags":[],"class_list":["post-6653","post","type-post","status-publish","format-standard","has-post-thumbnail","hentry","category-noticias"],"_links":{"self":[{"href":"https:\/\/coloniaavellaneda.gob.ar\/web\/wp-json\/wp\/v2\/posts\/6653","targetHints":{"allow":["GET"]}}],"collection":[{"href":"https:\/\/coloniaavellaneda.gob.ar\/web\/wp-json\/wp\/v2\/posts"}],"about":[{"href":"https:\/\/coloniaavellaneda.gob.ar\/web\/wp-json\/wp\/v2\/types\/post"}],"author":[{"embeddable":true,"href":"https:\/\/coloniaavellaneda.gob.ar\/web\/wp-json\/wp\/v2\/users\/3"}],"replies":[{"embeddable":true,"href":"https:\/\/coloniaavellaneda.gob.ar\/web\/wp-json\/wp\/v2\/comments?post=6653"}],"version-history":[{"count":6,"href":"https:\/\/coloniaavellaneda.gob.ar\/web\/wp-json\/wp\/v2\/posts\/6653\/revisions"}],"predecessor-version":[{"id":6666,"href":"https:\/\/coloniaavellaneda.gob.ar\/web\/wp-json\/wp\/v2\/posts\/6653\/revisions\/6666"}],"wp:featuredmedia":[{"embeddable":true,"href":"https:\/\/coloniaavellaneda.gob.ar\/web\/wp-json\/wp\/v2\/media\/6657"}],"wp:attachment":[{"href":"https:\/\/coloniaavellaneda.gob.ar\/web\/wp-json\/wp\/v2\/media?parent=6653"}],"wp:term":[{"taxonomy":"category","embeddable":true,"href":"https:\/\/coloniaavellaneda.gob.ar\/web\/wp-json\/wp\/v2\/categories?post=6653"},{"taxonomy":"post_tag","embeddable":true,"href":"https:\/\/coloniaavellaneda.gob.ar\/web\/wp-json\/wp\/v2\/tags?post=6653"}],"curies":[{"name":"wp","href":"https:\/\/api.w.org\/{rel}","templated":true}]}}