{"id":6668,"date":"2025-12-08T21:39:22","date_gmt":"2025-12-08T21:39:22","guid":{"rendered":"https:\/\/coloniaavellaneda.gob.ar\/web\/?p=6668"},"modified":"2025-12-09T21:40:12","modified_gmt":"2025-12-09T21:40:12","slug":"colonia-avellaneda-celebro-una-nueva-edicion-de-la-fiesta-del-migrante","status":"publish","type":"post","link":"https:\/\/coloniaavellaneda.gob.ar\/web\/colonia-avellaneda-celebro-una-nueva-edicion-de-la-fiesta-del-migrante\/","title":{"rendered":"Colonia Avellaneda celebr\u00f3 una nueva edici\u00f3n de la Fiesta del Migrante"},"content":{"rendered":"<p>[et_pb_section fb_built=\u00bb1&#8243; _builder_version=\u00bb4.27.4&#8243; _module_preset=\u00bbdefault\u00bb global_colors_info=\u00bb{}\u00bb][et_pb_row _builder_version=\u00bb4.27.4&#8243; _module_preset=\u00bbdefault\u00bb global_colors_info=\u00bb{}\u00bb][et_pb_column type=\u00bb4_4&#8243; _builder_version=\u00bb4.27.4&#8243; _module_preset=\u00bbdefault\u00bb global_colors_info=\u00bb{}\u00bb][et_pb_blurb _builder_version=\u00bb4.27.4&#8243; _module_preset=\u00bbdefault\u00bb hover_enabled=\u00bb0&#8243; global_colors_info=\u00bb{}\u00bb sticky_enabled=\u00bb0&#8243;]<\/p>\n<p><em>Una multitud se acerc\u00f3 este s\u00e1bado 6 de diciembre al Prado Espa\u00f1ol para disfrutar de una noche inolvidable de m\u00fasica, baile, gastronom\u00eda y encuentro comunitario.<\/em><\/p>\n<p>La ciudad vivi\u00f3 una nueva edici\u00f3n de la Fiesta del Migrante, un evento que sigue consolid\u00e1ndose como una de las celebraciones culturales m\u00e1s significativas de la regi\u00f3n. Familias, j\u00f3venes, personas mayores y visitantes de localidades vecinas colmaron el predio del Prado Espa\u00f1ol desde temprano.<\/p>\n<p>La celebraci\u00f3n incluy\u00f3 feria de emprendedores y artesanos, puestos gastron\u00f3micos, campeonatos de truco y chinch\u00f3n, organizados por el \u00c1rea de Juventudes, una mesa did\u00e1ctica y un espacio de teatro de sombras, presentados por el \u00c1rea de Ni\u00f1ez, Adolescencia y Familias, y la presentaci\u00f3n de diversos artistas y talleres municipales de danzas.<\/p>\n<p><strong>Origen y actualidad de la fiesta<\/strong><\/p>\n<p>La Fiesta del Migrante nace como respuesta al crecimiento demogr\u00e1fico y cultural que caracteriza a Colonia Avellaneda, donde conviven historias, costumbres y or\u00edgenes diversos. Cada edici\u00f3n invita a poner en valor esa pluralidad a trav\u00e9s del arte, la gastronom\u00eda, juegos tradicionales y un ambiente pensado para el disfrute de toda la comunidad.<\/p>\n<p>Declarada de Inter\u00e9s Legislativo por la Honorable C\u00e1mara de Diputados de Entre R\u00edos y de Inter\u00e9s Tur\u00edstico por la Secretar\u00eda de Turismo de Colonia Avellaneda, la fiesta volvi\u00f3 a reunir a familias, artistas, emprendedores y comunidades que enriquecen la identidad local.<\/p>\n<p>En esta edici\u00f3n, adem\u00e1s, se anunci\u00f3 que el evento ser\u00e1 categorizado oficialmente como Fiesta Provincial del Migrante a partir de 2026, un reconocimiento que jerarquiza la festividad y la proyecta dentro del calendario cultural de la provincia.<\/p>\n<p><strong>Artistas que marcaron la noche<\/strong><\/p>\n<p>El escenario abri\u00f3 con el Taller Municipal de Coro A Viva Voz de Villa Urquiza, acompa\u00f1ado por el Ensamble Sauce Montrull.<br \/>Luego, el Taller de Estilizaci\u00f3n Folcl\u00f3rica y el Grupo de Danzas La Telesita desplegaron sus coreograf\u00edas ante un p\u00fablico atento.<\/p>\n<p>La joven paranaense Candela Clavel Heis aport\u00f3 su impronta musical y nos deleit\u00f3 con su voz; mientras que el grupo de danzas Vivir Bailando ofreci\u00f3 una segunda instancia de folklore con la participaci\u00f3n de bailarines m\u00e1s j\u00f3venes.<\/p>\n<p>La cumbia hizo vibrar al predio con Peg\u00f3 en el Palo, que convoc\u00f3 a gran parte del p\u00fablico al pie del escenario.<br \/>Tras un reconocimiento a las fiestas regionales que acompa\u00f1aron el encuentro, y la premiaci\u00f3n a los campeones de truco y chinch\u00f3n, la banda Alta Revoluci\u00f3n retom\u00f3 la energ\u00eda tropical para seguir bailando.<\/p>\n<p>El Taller Municipal de Cumbia continu\u00f3 la propuesta con una demostraci\u00f3n de coreograf\u00edas en pareja.<\/p>\n<p>Uno de los momentos m\u00e1s esperados de la noche lleg\u00f3 con el acordeonista local Juan Manuel Bilat, quien con su caracter\u00edstico show reuni\u00f3 a una multitud frente al escenario para bailar chamam\u00e9.<\/p>\n<p>El cierre estuvo a cargo de Horacio Gait\u00e1n, que coron\u00f3 la jornada con un repertorio bailable muy celebrado por el p\u00fablico.<\/p>\n<p><strong>Un evento que crece junto a la comunidad<\/strong><\/p>\n<p>La Fiesta del Migrante contin\u00faa posicion\u00e1ndose como una propuesta clave en el calendario cultural y tur\u00edstico de Colonia Avellaneda. Su impacto no solo fortalece el movimiento emprendedor y la actividad local, sino que celebra la identidad plural que caracteriza a la ciudad y reafirma el valor del encuentro.<\/p>\n<p>[\/et_pb_blurb][et_pb_gallery gallery_ids=\u00bb6671,6672,6673,6674,6675,6676,6677,6678,6679,6680,6681,6682,6683,6684,6685,6686,6687,6688,6689,6690,6691,6692,6693,6694,6695,6696,6697,6698,6699,6700,6701,6702,6703,6704&#8243; posts_number=\u00bb8&#8243; show_title_and_caption=\u00bboff\u00bb _builder_version=\u00bb4.27.4&#8243; _module_preset=\u00bbdefault\u00bb caption_text_color=\u00bbRGBA(255,255,255,0)\u00bb caption_font_size=\u00bb1px\u00bb text_orientation=\u00bbjustified\u00bb animation_style=\u00bbslide\u00bb global_colors_info=\u00bb{}\u00bb][\/et_pb_gallery][\/et_pb_column][\/et_pb_row][\/et_pb_section]<\/p>\n","protected":false},"excerpt":{"rendered":"<p>Una multitud se acerc\u00f3 este s\u00e1bado 6 de diciembre al Prado Espa\u00f1ol para disfrutar de una noche inolvidable de m\u00fasica, baile, gastronom\u00eda y encuentro comunitario. La ciudad vivi\u00f3 una nueva edici\u00f3n de la Fiesta del Migrante, un evento que sigue consolid\u00e1ndose como una de las celebraciones culturales m\u00e1s significativas de la regi\u00f3n. Familias, j\u00f3venes, personas [&hellip;]<\/p>\n","protected":false},"author":3,"featured_media":6669,"comment_status":"open","ping_status":"closed","sticky":false,"template":"","format":"standard","meta":{"_et_pb_use_builder":"on","_et_pb_old_content":"","_et_gb_content_width":"","footnotes":""},"categories":[17],"tags":[],"class_list":["post-6668","post","type-post","status-publish","format-standard","has-post-thumbnail","hentry","category-noticias"],"_links":{"self":[{"href":"https:\/\/coloniaavellaneda.gob.ar\/web\/wp-json\/wp\/v2\/posts\/6668","targetHints":{"allow":["GET"]}}],"collection":[{"href":"https:\/\/coloniaavellaneda.gob.ar\/web\/wp-json\/wp\/v2\/posts"}],"about":[{"href":"https:\/\/coloniaavellaneda.gob.ar\/web\/wp-json\/wp\/v2\/types\/post"}],"author":[{"embeddable":true,"href":"https:\/\/coloniaavellaneda.gob.ar\/web\/wp-json\/wp\/v2\/users\/3"}],"replies":[{"embeddable":true,"href":"https:\/\/coloniaavellaneda.gob.ar\/web\/wp-json\/wp\/v2\/comments?post=6668"}],"version-history":[{"count":5,"href":"https:\/\/coloniaavellaneda.gob.ar\/web\/wp-json\/wp\/v2\/posts\/6668\/revisions"}],"predecessor-version":[{"id":6746,"href":"https:\/\/coloniaavellaneda.gob.ar\/web\/wp-json\/wp\/v2\/posts\/6668\/revisions\/6746"}],"wp:featuredmedia":[{"embeddable":true,"href":"https:\/\/coloniaavellaneda.gob.ar\/web\/wp-json\/wp\/v2\/media\/6669"}],"wp:attachment":[{"href":"https:\/\/coloniaavellaneda.gob.ar\/web\/wp-json\/wp\/v2\/media?parent=6668"}],"wp:term":[{"taxonomy":"category","embeddable":true,"href":"https:\/\/coloniaavellaneda.gob.ar\/web\/wp-json\/wp\/v2\/categories?post=6668"},{"taxonomy":"post_tag","embeddable":true,"href":"https:\/\/coloniaavellaneda.gob.ar\/web\/wp-json\/wp\/v2\/tags?post=6668"}],"curies":[{"name":"wp","href":"https:\/\/api.w.org\/{rel}","templated":true}]}}