{"id":6803,"date":"2026-03-06T23:12:36","date_gmt":"2026-03-06T23:12:36","guid":{"rendered":"https:\/\/coloniaavellaneda.gob.ar\/web\/?p=6803"},"modified":"2026-03-07T03:15:08","modified_gmt":"2026-03-07T03:15:08","slug":"colonia-avellaneda-abrio-el-periodo-de-sesiones-ordinarias-del-concejo-deliberante","status":"publish","type":"post","link":"https:\/\/coloniaavellaneda.gob.ar\/web\/colonia-avellaneda-abrio-el-periodo-de-sesiones-ordinarias-del-concejo-deliberante\/","title":{"rendered":"El intendente Ariel Weiss inaugur\u00f3 el per\u00edodo de sesiones ordinarias en Colonia Avellaneda"},"content":{"rendered":"<p>[et_pb_section fb_built=\u00bb1&#8243; _builder_version=\u00bb4.27.4&#8243; _module_preset=\u00bbdefault\u00bb global_colors_info=\u00bb{}\u00bb][et_pb_row _builder_version=\u00bb4.27.4&#8243; _module_preset=\u00bbdefault\u00bb global_colors_info=\u00bb{}\u00bb][et_pb_column type=\u00bb4_4&#8243; _builder_version=\u00bb4.27.4&#8243; _module_preset=\u00bbdefault\u00bb global_colors_info=\u00bb{}\u00bb][et_pb_blurb _builder_version=\u00bb4.27.4&#8243; _module_preset=\u00bbdefault\u00bb hover_enabled=\u00bb0&#8243; global_colors_info=\u00bb{}\u00bb sticky_enabled=\u00bb0&#8243;]<\/p>\n<p><i>Durante su discurso anual ante el Concejo Deliberante, el presidente municipal realiz\u00f3 un balance de la gesti\u00f3n, destac\u00f3 las obras ejecutadas en 2025 y plante\u00f3 los desaf\u00edos para el a\u00f1o en curso.<\/i><\/p>\n<p>El intendente de Colonia Avellaneda, Ariel Weiss, encabez\u00f3 este jueves 5 de marzo la apertura del 15\u00b0 per\u00edodo de Sesiones Ordinarias 2026 del Honorable Concejo Deliberante.<\/p>\n<p>El acto se realiz\u00f3 en el Paseo Peatonal Edgardo Daniel Dellizzotti, frente a la Plaza San Mart\u00edn y cont\u00f3 con la presencia de la intendenta de Paran\u00e1, Rosario Romero; la presidenta del Honorable Concejo Deliberante, Roxana Bruna; la secretaria del cuerpo, Daiana Puig; concejales y funcionarios municipales.<\/p>\n<p>Durante su discurso, el presidente municipal realiz\u00f3 un repaso de la gesti\u00f3n municipal y plante\u00f3 las principales l\u00edneas de trabajo para el a\u00f1o. De esta manera, contextualiz\u00f3 el escenario econ\u00f3mico que atraves\u00f3 la gesti\u00f3n durante 2025, marcado por la reducci\u00f3n de programas nacionales y provinciales, la paralizaci\u00f3n de obras p\u00fablicas y una ca\u00edda cercana al 28% en los recursos de coparticipaci\u00f3n.<\/p>\n<p>En ese marco, el intendente destac\u00f3 que el municipio logr\u00f3 sostener la inversi\u00f3n en infraestructura urbana con recursos propios, avanzando en obras de pavimentaci\u00f3n, m\u00e1s de 5.000 metros de cord\u00f3n cuneta, trabajos de mejoramiento vial mediante movimiento de suelo y enripiado de calles, bacheo en pavimento flexible y la primera etapa de la colectora de Ruta 12.<\/p>\n<p>\u201cUn pueblo, una naci\u00f3n no se construye cada cuatro a\u00f1os, se construye con planificaci\u00f3n, con trabajo y con continuidad en las pol\u00edticas p\u00fablicas\u201d, expres\u00f3 Weiss durante su mensaje ante el Concejo.<\/p>\n<p>Tambi\u00e9n se refiri\u00f3 a los avances en la ampliaci\u00f3n de la red cloacal en el barrio Montorfano y a la decisi\u00f3n de finalizar con fondos municipales obras que hab\u00edan quedado paralizadas por recortes nacionales, como el Centro de Desarrollo Infantil.<\/p>\n<p>\u201cDecidimos terminar con fondos municipales el Centro de Desarrollo Infantil porque entendemos que hay obras que no pueden esperar y que impactan directamente en la calidad de vida de nuestras familias\u201d, sostuvo el intendente.<\/p>\n<p>Con respecto al equipamiento y patrimonio municipal, Weiss destac\u00f3 la adquisici\u00f3n de un inmueble destinado al funcionamiento del corral\u00f3n municipal y la incorporaci\u00f3n de un nuevo cami\u00f3n compactador de residuos para fortalecer el sistema de recolecci\u00f3n.<\/p>\n<p>En el plano social, el intendente remarc\u00f3 el acompa\u00f1amiento del municipio a trav\u00e9s de programas de microcr\u00e9ditos y pol\u00edticas de promoci\u00f3n del trabajo, que permitieron impulsar cerca de 200 puestos laborales y fortalecer el entramado emprendedor de la ciudad.<\/p>\n<p>En materia financiera, Weiss subray\u00f3 que el municipio logr\u00f3 cerrar el ejercicio 2025 con un super\u00e1vit fiscal del 6%, manteniendo el equilibrio de las cuentas p\u00fablicas sin recurrir al endeudamiento. \u201cTenemos un gobierno de puertas abiertas, que se hace cargo y que no busca ni culpables ni culpas, sino dar respuesta\u00bb, afirm\u00f3 el presidente municipal.<\/p>\n<p>Finalmente, el intendente plante\u00f3 que el desaf\u00edo para el a\u00f1o 2026 ser\u00e1 continuar consolidando el crecimiento de Colonia Avellaneda mediante la ampliaci\u00f3n de la infraestructura urbana, el fortalecimiento de los servicios p\u00fablicos y el sostenimiento de pol\u00edticas sociales, deportivas y culturales.<\/p>\n<p>[\/et_pb_blurb][\/et_pb_column][\/et_pb_row][et_pb_row _builder_version=\u00bb4.27.4&#8243; _module_preset=\u00bbdefault\u00bb global_colors_info=\u00bb{}\u00bb][et_pb_column type=\u00bb4_4&#8243; _builder_version=\u00bb4.27.4&#8243; _module_preset=\u00bbdefault\u00bb global_colors_info=\u00bb{}\u00bb][et_pb_gallery gallery_ids=\u00bb6816,6811,6813,6814&#8243; show_title_and_caption=\u00bboff\u00bb show_pagination=\u00bboff\u00bb _builder_version=\u00bb4.27.4&#8243; _module_preset=\u00bbdefault\u00bb global_colors_info=\u00bb{}\u00bb][\/et_pb_gallery][\/et_pb_column][\/et_pb_row][\/et_pb_section]<\/p>\n","protected":false},"excerpt":{"rendered":"<p>Durante su discurso anual ante el Concejo Deliberante, el presidente municipal realiz\u00f3 un balance de la gesti\u00f3n, destac\u00f3 las obras ejecutadas en 2025 y plante\u00f3 los desaf\u00edos para el a\u00f1o en curso. El intendente de Colonia Avellaneda, Ariel Weiss, encabez\u00f3 este jueves 5 de marzo la apertura del 15\u00b0 per\u00edodo de Sesiones Ordinarias 2026 del [&hellip;]<\/p>\n","protected":false},"author":3,"featured_media":6807,"comment_status":"open","ping_status":"closed","sticky":false,"template":"","format":"standard","meta":{"_et_pb_use_builder":"on","_et_pb_old_content":"","_et_gb_content_width":"","footnotes":""},"categories":[17],"tags":[],"class_list":["post-6803","post","type-post","status-publish","format-standard","has-post-thumbnail","hentry","category-noticias"],"_links":{"self":[{"href":"https:\/\/coloniaavellaneda.gob.ar\/web\/wp-json\/wp\/v2\/posts\/6803","targetHints":{"allow":["GET"]}}],"collection":[{"href":"https:\/\/coloniaavellaneda.gob.ar\/web\/wp-json\/wp\/v2\/posts"}],"about":[{"href":"https:\/\/coloniaavellaneda.gob.ar\/web\/wp-json\/wp\/v2\/types\/post"}],"author":[{"embeddable":true,"href":"https:\/\/coloniaavellaneda.gob.ar\/web\/wp-json\/wp\/v2\/users\/3"}],"replies":[{"embeddable":true,"href":"https:\/\/coloniaavellaneda.gob.ar\/web\/wp-json\/wp\/v2\/comments?post=6803"}],"version-history":[{"count":10,"href":"https:\/\/coloniaavellaneda.gob.ar\/web\/wp-json\/wp\/v2\/posts\/6803\/revisions"}],"predecessor-version":[{"id":6828,"href":"https:\/\/coloniaavellaneda.gob.ar\/web\/wp-json\/wp\/v2\/posts\/6803\/revisions\/6828"}],"wp:featuredmedia":[{"embeddable":true,"href":"https:\/\/coloniaavellaneda.gob.ar\/web\/wp-json\/wp\/v2\/media\/6807"}],"wp:attachment":[{"href":"https:\/\/coloniaavellaneda.gob.ar\/web\/wp-json\/wp\/v2\/media?parent=6803"}],"wp:term":[{"taxonomy":"category","embeddable":true,"href":"https:\/\/coloniaavellaneda.gob.ar\/web\/wp-json\/wp\/v2\/categories?post=6803"},{"taxonomy":"post_tag","embeddable":true,"href":"https:\/\/coloniaavellaneda.gob.ar\/web\/wp-json\/wp\/v2\/tags?post=6803"}],"curies":[{"name":"wp","href":"https:\/\/api.w.org\/{rel}","templated":true}]}}