{"id":6834,"date":"2026-03-17T20:58:47","date_gmt":"2026-03-17T20:58:47","guid":{"rendered":"https:\/\/coloniaavellaneda.gob.ar\/web\/?p=6834"},"modified":"2026-03-17T20:58:49","modified_gmt":"2026-03-17T20:58:49","slug":"colonia-avellaneda-avanza-en-la-modernizacion-del-alumbrado-publico","status":"publish","type":"post","link":"https:\/\/coloniaavellaneda.gob.ar\/web\/colonia-avellaneda-avanza-en-la-modernizacion-del-alumbrado-publico\/","title":{"rendered":"Colonia Avellaneda avanza en la modernizaci\u00f3n del alumbrado p\u00fablico"},"content":{"rendered":"\n[et_pb_section fb_built=\u00bb1&#8243; theme_builder_area=\u00bbpost_content\u00bb _builder_version=\u00bb4.27.4&#8243; _module_preset=\u00bbdefault\u00bb][et_pb_row _builder_version=\u00bb4.27.4&#8243; _module_preset=\u00bbdefault\u00bb theme_builder_area=\u00bbpost_content\u00bb][et_pb_column _builder_version=\u00bb4.27.4&#8243; _module_preset=\u00bbdefault\u00bb type=\u00bb4_4&#8243; theme_builder_area=\u00bbpost_content\u00bb][et_pb_blurb _builder_version=\u00bb4.27.4&#8243; _module_preset=\u00bbdefault\u00bb theme_builder_area=\u00bbpost_content\u00bb hover_enabled=\u00bb0&#8243; sticky_enabled=\u00bb0&#8243;]<p><em>Continuamos desarrollando trabajos para mejorar la iluminaci\u00f3n en distintos sectores de la ciudad a trav\u00e9s de la incorporaci\u00f3n de tecnolog\u00eda LED.<\/em><\/p>\n<p>En el marco de estas intervenciones, se han sumado 300 equipos LED, se instalaron 158 postes de madera, 41 columnas y 197 brazos, ampliando y fortaleciendo el sistema de alumbrado p\u00fablico en calles, barrios y espacios de uso comunitario.<\/p>\n<p>Estas acciones tambi\u00e9n alcanzaron espacios p\u00fablicos e instituciones de la ciudad, entre ellos el Prado Espa\u00f1ol, con el objetivo de mejorar las condiciones de iluminaci\u00f3n y brindar mayor seguridad a quienes transitan y utilizan estos lugares.<\/p>\n<p>La incorporaci\u00f3n de tecnolog\u00eda LED permite optimizar el consumo energ\u00e9tico, mejorar la calidad de la iluminaci\u00f3n y avanzar hacia una infraestructura urbana m\u00e1s moderna y eficiente para los colonienses.<\/p>[\/et_pb_blurb][\/et_pb_column][\/et_pb_row][\/et_pb_section]\n","protected":false},"excerpt":{"rendered":"<p>Continuamos desarrollando trabajos para mejorar la iluminaci\u00f3n en distintos sectores de la ciudad a trav\u00e9s de la incorporaci\u00f3n de tecnolog\u00eda LED. En el marco de estas intervenciones, se han sumado 300 equipos LED, se instalaron 158 postes de madera, 41 columnas y 197 brazos, ampliando y fortaleciendo el sistema de alumbrado p\u00fablico en calles, barrios [&hellip;]<\/p>\n","protected":false},"author":3,"featured_media":6838,"comment_status":"open","ping_status":"closed","sticky":false,"template":"","format":"standard","meta":{"_et_pb_use_builder":"on","_et_pb_old_content":"","_et_gb_content_width":"","footnotes":""},"categories":[17],"tags":[],"class_list":["post-6834","post","type-post","status-publish","format-standard","has-post-thumbnail","hentry","category-noticias"],"_links":{"self":[{"href":"https:\/\/coloniaavellaneda.gob.ar\/web\/wp-json\/wp\/v2\/posts\/6834","targetHints":{"allow":["GET"]}}],"collection":[{"href":"https:\/\/coloniaavellaneda.gob.ar\/web\/wp-json\/wp\/v2\/posts"}],"about":[{"href":"https:\/\/coloniaavellaneda.gob.ar\/web\/wp-json\/wp\/v2\/types\/post"}],"author":[{"embeddable":true,"href":"https:\/\/coloniaavellaneda.gob.ar\/web\/wp-json\/wp\/v2\/users\/3"}],"replies":[{"embeddable":true,"href":"https:\/\/coloniaavellaneda.gob.ar\/web\/wp-json\/wp\/v2\/comments?post=6834"}],"version-history":[{"count":3,"href":"https:\/\/coloniaavellaneda.gob.ar\/web\/wp-json\/wp\/v2\/posts\/6834\/revisions"}],"predecessor-version":[{"id":6837,"href":"https:\/\/coloniaavellaneda.gob.ar\/web\/wp-json\/wp\/v2\/posts\/6834\/revisions\/6837"}],"wp:featuredmedia":[{"embeddable":true,"href":"https:\/\/coloniaavellaneda.gob.ar\/web\/wp-json\/wp\/v2\/media\/6838"}],"wp:attachment":[{"href":"https:\/\/coloniaavellaneda.gob.ar\/web\/wp-json\/wp\/v2\/media?parent=6834"}],"wp:term":[{"taxonomy":"category","embeddable":true,"href":"https:\/\/coloniaavellaneda.gob.ar\/web\/wp-json\/wp\/v2\/categories?post=6834"},{"taxonomy":"post_tag","embeddable":true,"href":"https:\/\/coloniaavellaneda.gob.ar\/web\/wp-json\/wp\/v2\/tags?post=6834"}],"curies":[{"name":"wp","href":"https:\/\/api.w.org\/{rel}","templated":true}]}}